{
    "title": "Sainte-Lucie modernise son enqu\u00eate sur la population active pour mieux capter les donn\u00e9es du march\u00e9 du travail actuel",
    "modified_at": "2026-04-30 11:55:43",
    "published_at": "2026-04-29 12:00:00",
    "url": "https://pressroom.oecs.int/sainte-lucie-modernise-son-enquete-sur-la-population-active-pour-mieux-capter-les-donnees-du-marche-du-travail-actuel",
    "short_url": "http://prez.ly/HkEd",
    "culture": "fr",
    "language": "FR",
    "subtitle": "Courtoisie du Conseil national de comp\u00e9titivit\u00e9 et de productivit\u00e9",
    "slug": "sainte-lucie-modernise-son-enquete-sur-la-population-active-pour-mieux-capter-les-donnees-du-marche-du-travail-actuel",
    "body": "<p>Sainte-Lucie franchit une &eacute;tape importante vers le renforcement de la mesure de l&#039;emploi et des tendances du march&eacute; du travail, avec le lancement d&#039;un programme de formation technique de deux semaines visant &agrave; moderniser l&#039;enqu&ecirc;te sur la population active du pays, conform&eacute;ment aux normes internationales actualis&eacute;es.</p><p>Dirig&eacute;e par le Bureau central des statistiques (CSO), l&#039;initiative rassemble des professionnels de la statistique de Sainte-Lucie et de toute la r&eacute;gion. La formation, qui a d&eacute;but&eacute; le 13 avril 2026, est soutenue par l&#039;Organisation internationale du Travail (OIT), la Commission de l&#039;Organisation des &Eacute;tats de la Cara&iuml;be orientale (OECO) et le projet &laquo; Donn&eacute;es pour la prise de d&eacute;cision &raquo; de la Banque mondiale.</p><p>Le directeur du CSO, <strong>Sean Mathurin</strong>, a d&eacute;crit cette transition comme une &eacute;tape majeure dans les efforts du pays pour produire des donn&eacute;es sur le march&eacute; du travail plus pr&eacute;cises et plus pertinentes.</p><blockquote><em><strong>&laquo; Avec cette nouvelle approche, nous affinons ce que nous comptabilisons comme emploi. Le travail est d&eacute;sormais d&eacute;fini de mani&egrave;re &eacute;troite comme des activit&eacute;s exerc&eacute;es contre r&eacute;mun&eacute;ration ou profit. Cela signifie que les activit&eacute;s non r&eacute;mun&eacute;r&eacute;es telles que l&#039;agriculture de subsistance, la p&ecirc;che pour usage personnel ou le travail domestique ne seront plus class&eacute;es comme emploi. Elles seront d&eacute;sormais mesur&eacute;es s&eacute;par&eacute;ment sous une cat&eacute;gorie distincte : le travail de production pour usage propre &raquo;</strong></em>, a expliqu&eacute; M. Mathurin.</blockquote><p>La transition des normes de la 19e &agrave; la 21e Conf&eacute;rence internationale des statisticiens du travail (CIST) alignera Sainte-Lucie sur les meilleures pratiques mondiales. La m&eacute;thodologie actualis&eacute;e fournira &eacute;galement une image plus compl&egrave;te de la sous-utilisation de la main-d&#039;&oelig;uvre en captant les individus qui sont pr&ecirc;ts et aptes &agrave; travailler mais qui ne recherchent pas activement un emploi, ainsi que ceux qui sont sous-employ&eacute;s.</p><p>M. Mathurin a soulign&eacute; que tout changement dans les chiffres rapport&eacute;s ne doit pas &ecirc;tre interpr&eacute;t&eacute; comme un d&eacute;clin de la performance &eacute;conomique.</p><blockquote><em><strong>&laquo; Au contraire, ils refl&egrave;tent une mani&egrave;re plus pr&eacute;cise, transparente et internationalement align&eacute;e de mesurer notre march&eacute; du travail. En fin de compte, cette transition permet &agrave; Sainte-Lucie de continuer &agrave; produire des donn&eacute;es de haute qualit&eacute; et internationalement comparables &raquo;</strong></em>, a-t-il not&eacute;.</blockquote><p>La responsable de projet au cabinet du Directeur g&eacute;n&eacute;ral de la Commission de l&#039;OECO, <strong>Sherma Beroo</strong>, a soulign&eacute; l&#039;importance de l&#039;instrument harmonis&eacute; mis &agrave; jour sur la population active pour soutenir l&#039;&eacute;laboration de politiques fond&eacute;es sur des preuves dans toute la r&eacute;gion.</p><blockquote><em><strong>&laquo; L&#039;instrument harmonis&eacute; de l&#039;enqu&ecirc;te sur la population active de l&#039;OECO repr&eacute;sente une &eacute;tape majeure dans la mani&egrave;re dont nous comprenons, mesurons et r&eacute;pondons aux dynamiques du march&eacute; du travail dans nos &Eacute;tats membres. Il constitue la base pour produire des indicateurs fiables, comparables et pertinents pour les politiques publiques &raquo;</strong></em>, a d&eacute;clar&eacute; Mme Beroo.</blockquote><p>Elle a ajout&eacute; que la formation va au-del&agrave; de l&#039;instruction technique, favorisant une collaboration r&eacute;gionale plus forte et renfor&ccedil;ant les capacit&eacute;s des syst&egrave;mes statistiques nationaux.</p><p>Le statisticien principal du travail &agrave; l&#039;OIT, <strong>Antonio Discenza</strong>, a r&eacute;affirm&eacute; le soutien continu de l&#039;organisation aux pays de la r&eacute;gion.</p><blockquote><em><strong>&laquo; Vous n&#039;&ecirc;tes pas seuls ; nous vous soutiendrons du d&eacute;but &agrave; la fin, de la conception de l&#039;enqu&ecirc;te &agrave; la diffusion des r&eacute;sultats &raquo;</strong></em>, a-t-il d&eacute;clar&eacute;.</blockquote><p>La formation marque la transition de Sainte-Lucie de la phase pilote &agrave; la mise en &oelig;uvre compl&egrave;te du cadre actualis&eacute; de l&#039;enqu&ecirc;te sur la population active. Elle inclut &eacute;galement la participation d&#039;homologues r&eacute;gionaux, notamment des repr&eacute;sentants des &icirc;les Turques-et-Ca&iuml;ques, contribuant au d&eacute;veloppement d&#039;une communaut&eacute; plus forte de statisticiens du travail dans toute la Cara&iuml;be.</p><p>Les responsables affirment que la modernisation de l&#039;enqu&ecirc;te sur la population active renforcera la capacit&eacute; du pays &agrave; g&eacute;n&eacute;rer des donn&eacute;es fiables pour &eacute;clairer les d&eacute;cisions politiques, soutenir une croissance inclusive et am&eacute;liorer le bien-&ecirc;tre g&eacute;n&eacute;ral des citoyens.</p><hr /><p><em>Ce communiqu&eacute; de presse est une courtoisie du </em><a href=\"https://www.facebook.com/share/v/18WEu87Be8/\" target=\"_blank\" rel=\"noreferrer noopener\"><em>Conseil national de comp&eacute;titivit&eacute; et de productivit&eacute; de Sainte-Lucie .</em></a></p>",
    "mainvisual": {
        "thumbnail": "https://cdn.uc.assets.prezly.com/7673c076-f696-40fb-b1f7-ba063541a2d2/-/scale_crop/250x250/center/-/format/auto/",
        "large": "https://cdn.uc.assets.prezly.com/7673c076-f696-40fb-b1f7-ba063541a2d2/-/preview/500x500/-/format/auto/",
        "original": "https://cdn.uc.assets.prezly.com/7673c076-f696-40fb-b1f7-ba063541a2d2/"
    },
    "header": {
        "large": "https://cdn.uc.assets.prezly.com/59d21fc3-d7b6-45a9-b496-f0eb29b7e45c/-/crop/3686x1380/124,0/-/preview/-/preview/1200x1200/-/format/auto/",
        "release": "https://cdn.uc.assets.prezly.com/59d21fc3-d7b6-45a9-b496-f0eb29b7e45c/-/crop/3686x1380/124,0/-/preview/-/preview/1200x1200/-/format/auto/"
    },
    "tags": [
        "Data for Decision Making",
        "DDM"
    ],
    "author": {
        "first_name": "Communications",
        "last_name": "OECS"
    },
    "format_version": 5
}